{"id":1030,"date":"2017-05-24T13:03:00","date_gmt":"2017-05-24T13:03:00","guid":{"rendered":"https:\/\/www.mfp.econo.unlp.edu.ar\/?p=1030"},"modified":"2017-06-22T14:39:16","modified_gmt":"2017-06-22T14:39:16","slug":"20o-seminario-de-federalismo-fiscal-avances-retrocesos-y-el-futuro-de-las-relaciones-fiscales-nacion-provincias","status":"publish","type":"post","link":"https:\/\/www.mfp.econo.unlp.edu.ar\/index.php\/2017\/05\/24\/20o-seminario-de-federalismo-fiscal-avances-retrocesos-y-el-futuro-de-las-relaciones-fiscales-nacion-provincias\/","title":{"rendered":"20\u00ba Seminario de Federalismo Fiscal: Avances, retrocesos y el futuro de las relaciones fiscales Naci\u00f3n-Provincias"},"content":{"rendered":"<p>El seminario se llev\u00f3 a cabo el mi\u00e9rcoles 21 de junio desde las 8:30 hs. en el Aula Magna de la Facultad de Ciencias Econ\u00f3micas UNLP.<!--more--><\/p>\n<p><a href=\"http:\/\/www.econo.unlp.edu.ar\/articulo\/2017\/5\/26\/20o_seminario_de_federalismo_fiscal__avances__retrocesos_y_el_futuro_de_las_relaciones_fiscales_nacion_provincias\" target=\"_blank\">Consulte el programa del seminario aqu\u00ed<\/a>.<\/p>\n<p><a href=\"https:\/\/www.facebook.com\/fceunlp\/photos\/a.1339904736065473.1073741975.220978464624778\/1339904859398794\/?type=3&amp;theater\">Haga click aqu\u00ed para visualizar la galer\u00eda de im\u00e1genes.<\/a><\/p>\n<p><a href=\"http:\/\/www.econo.unlp.edu.ar\/uploads\/docs\/libro___el_orden_economico_constitucional___el_federalismo_fiscal_.pdf\">Para visualizar el libro: \u00abEl orden econ\u00f3mico constitucional &#8211; El federalismo fiscal\u00bb haga click aqu\u00ed.\u00a0<\/a><\/p>\n<p>&nbsp;<\/p>\n","protected":false},"excerpt":{"rendered":"<p>El seminario se llev\u00f3 a cabo el mi\u00e9rcoles 21 de junio desde las 8:30 hs. en el Aula Magna de la Facultad de Ciencias Econ\u00f3micas&#8230;<\/p>\n<p class=\"readmore\"><a class=\"more-btn\" href=\"https:\/\/www.mfp.econo.unlp.edu.ar\/index.php\/2017\/05\/24\/20o-seminario-de-federalismo-fiscal-avances-retrocesos-y-el-futuro-de-las-relaciones-fiscales-nacion-provincias\/\">Ver<\/a><\/p>\n","protected":false},"author":2,"featured_media":1039,"comment_status":"open","ping_status":"open","sticky":false,"template":"","format":"standard","meta":{"jetpack_post_was_ever_published":false,"jetpack_publicize_message":"","jetpack_is_tweetstorm":false,"jetpack_publicize_feature_enabled":true,"jetpack_social_post_already_shared":true,"jetpack_social_options":[]},"categories":[53],"tags":[],"jetpack_publicize_connections":[],"jetpack_featured_media_url":"https:\/\/www.mfp.econo.unlp.edu.ar\/wp-content\/uploads\/2017\/05\/mfp-1.jpg","jetpack_sharing_enabled":true,"jetpack_shortlink":"https:\/\/wp.me\/p86ov1-gC","_links":{"self":[{"href":"https:\/\/www.mfp.econo.unlp.edu.ar\/index.php\/wp-json\/wp\/v2\/posts\/1030"}],"collection":[{"href":"https:\/\/www.mfp.econo.unlp.edu.ar\/index.php\/wp-json\/wp\/v2\/posts"}],"about":[{"href":"https:\/\/www.mfp.econo.unlp.edu.ar\/index.php\/wp-json\/wp\/v2\/types\/post"}],"author":[{"embeddable":true,"href":"https:\/\/www.mfp.econo.unlp.edu.ar\/index.php\/wp-json\/wp\/v2\/users\/2"}],"replies":[{"embeddable":true,"href":"https:\/\/www.mfp.econo.unlp.edu.ar\/index.php\/wp-json\/wp\/v2\/comments?post=1030"}],"version-history":[{"count":6,"href":"https:\/\/www.mfp.econo.unlp.edu.ar\/index.php\/wp-json\/wp\/v2\/posts\/1030\/revisions"}],"predecessor-version":[{"id":1056,"href":"https:\/\/www.mfp.econo.unlp.edu.ar\/index.php\/wp-json\/wp\/v2\/posts\/1030\/revisions\/1056"}],"wp:featuredmedia":[{"embeddable":true,"href":"https:\/\/www.mfp.econo.unlp.edu.ar\/index.php\/wp-json\/wp\/v2\/media\/1039"}],"wp:attachment":[{"href":"https:\/\/www.mfp.econo.unlp.edu.ar\/index.php\/wp-json\/wp\/v2\/media?parent=1030"}],"wp:term":[{"taxonomy":"category","embeddable":true,"href":"https:\/\/www.mfp.econo.unlp.edu.ar\/index.php\/wp-json\/wp\/v2\/categories?post=1030"},{"taxonomy":"post_tag","embeddable":true,"href":"https:\/\/www.mfp.econo.unlp.edu.ar\/index.php\/wp-json\/wp\/v2\/tags?post=1030"}],"curies":[{"name":"wp","href":"https:\/\/api.w.org\/{rel}","templated":true}]}}