{"id":1215,"date":"2018-09-24T16:23:55","date_gmt":"2018-09-24T16:23:55","guid":{"rendered":"https:\/\/www.mfp.econo.unlp.edu.ar\/?p=1215"},"modified":"2018-09-24T16:23:55","modified_gmt":"2018-09-24T16:23:55","slug":"alumnos-de-la-mfp-publicaron-sus-trabajos-en-las-51-jornadas-internacionales-de-finanzas-publicas","status":"publish","type":"post","link":"https:\/\/www.mfp.econo.unlp.edu.ar\/index.php\/2018\/09\/24\/alumnos-de-la-mfp-publicaron-sus-trabajos-en-las-51-jornadas-internacionales-de-finanzas-publicas\/","title":{"rendered":"Alumnos de la MFP publicaron sus trabajos en las 51 Jornadas Internacionales de Finanzas P\u00fablicas"},"content":{"rendered":"<p>Los alumnos Nicol\u00e1s Pic\u00f3n y David Gulayin publicaron sus trabajos en las jornadas que se llevar\u00e1n a cabo entre el\u00a0<strong>19 y el 21 de septiembre de 2018<\/strong>, en la Facultad de Ciencias Econ\u00f3micas de la Universidad Nacional de C\u00f3rdoba.<\/p>\n<p><!--more--><\/p>\n<p>Durante el evento se desarrollar\u00e1n conferencias a cargo de reconocidos especialistas en econom\u00eda del sector p\u00fablico, y se contar\u00e1 con sesiones especiales para la presentaci\u00f3n de trabajos sobre temas relativos a las finanzas p\u00fablicas, especialmente los siguientes, elegidos como referentes para esta edici\u00f3n:<\/p>\n<p><strong>&#8211; Sustentabildad Fiscal y Financiamiento<\/strong><\/p>\n<p><strong>&#8211; Nuevos Acuerdos Fiscales Intergubernamentales<\/strong><\/p>\n<p><strong>&#8211; Estado Actual y Tendencias en los Sistemas de Pensi\u00f3n\u00a0<\/strong><\/p>\n<p><strong>&#8211; Funciones y Financiamiento de los Gobiernos Locales\u00a0<\/strong><\/p>\n<p><strong>&#8211; Evasi\u00f3n Fiscal y Corrupci\u00f3n: Causas y Consecuencias<\/strong><\/p>\n<p><strong>&#8211; M\u00e9todos Experimentales en Econom\u00eda P\u00fablica<\/strong><\/p>\n<p>&nbsp;<\/p>\n<p>&nbsp;<\/p>\n<p>M\u00e1s info haciendo<span style=\"color: #993366;\"><strong><a style=\"color: #993366;\" href=\"http:\/\/www.jifp.eco.unc.edu.ar\/\"> click aqu\u00ed.\u00a0<\/a><\/strong><\/span><\/p>\n","protected":false},"excerpt":{"rendered":"<p>Los alumnos Nicol\u00e1s Pic\u00f3n y David Gulayin publicaron sus trabajos en las jornadas que se llevar\u00e1n a cabo entre el\u00a019 y el 21 de septiembre&#8230;<\/p>\n<p class=\"readmore\"><a class=\"more-btn\" href=\"https:\/\/www.mfp.econo.unlp.edu.ar\/index.php\/2018\/09\/24\/alumnos-de-la-mfp-publicaron-sus-trabajos-en-las-51-jornadas-internacionales-de-finanzas-publicas\/\">Ver<\/a><\/p>\n","protected":false},"author":2,"featured_media":0,"comment_status":"open","ping_status":"open","sticky":false,"template":"","format":"standard","meta":{"jetpack_post_was_ever_published":false,"jetpack_publicize_message":"","jetpack_is_tweetstorm":false,"jetpack_publicize_feature_enabled":true,"jetpack_social_post_already_shared":true,"jetpack_social_options":[]},"categories":[53],"tags":[],"jetpack_publicize_connections":[],"jetpack_featured_media_url":"","jetpack_sharing_enabled":true,"jetpack_shortlink":"https:\/\/wp.me\/p86ov1-jB","_links":{"self":[{"href":"https:\/\/www.mfp.econo.unlp.edu.ar\/index.php\/wp-json\/wp\/v2\/posts\/1215"}],"collection":[{"href":"https:\/\/www.mfp.econo.unlp.edu.ar\/index.php\/wp-json\/wp\/v2\/posts"}],"about":[{"href":"https:\/\/www.mfp.econo.unlp.edu.ar\/index.php\/wp-json\/wp\/v2\/types\/post"}],"author":[{"embeddable":true,"href":"https:\/\/www.mfp.econo.unlp.edu.ar\/index.php\/wp-json\/wp\/v2\/users\/2"}],"replies":[{"embeddable":true,"href":"https:\/\/www.mfp.econo.unlp.edu.ar\/index.php\/wp-json\/wp\/v2\/comments?post=1215"}],"version-history":[{"count":1,"href":"https:\/\/www.mfp.econo.unlp.edu.ar\/index.php\/wp-json\/wp\/v2\/posts\/1215\/revisions"}],"predecessor-version":[{"id":1216,"href":"https:\/\/www.mfp.econo.unlp.edu.ar\/index.php\/wp-json\/wp\/v2\/posts\/1215\/revisions\/1216"}],"wp:attachment":[{"href":"https:\/\/www.mfp.econo.unlp.edu.ar\/index.php\/wp-json\/wp\/v2\/media?parent=1215"}],"wp:term":[{"taxonomy":"category","embeddable":true,"href":"https:\/\/www.mfp.econo.unlp.edu.ar\/index.php\/wp-json\/wp\/v2\/categories?post=1215"},{"taxonomy":"post_tag","embeddable":true,"href":"https:\/\/www.mfp.econo.unlp.edu.ar\/index.php\/wp-json\/wp\/v2\/tags?post=1215"}],"curies":[{"name":"wp","href":"https:\/\/api.w.org\/{rel}","templated":true}]}}