{"id":1342,"date":"2019-05-31T12:23:40","date_gmt":"2019-05-31T12:23:40","guid":{"rendered":"https:\/\/www.mfp.econo.unlp.edu.ar\/?p=1342"},"modified":"2019-05-31T12:24:45","modified_gmt":"2019-05-31T12:24:45","slug":"docentes-de-nuestra-maestria-en-finanzas-publicas-capacitan-a-agentes-publicos-de-las-provincias-de-rio-negro-y-neuquen","status":"publish","type":"post","link":"https:\/\/www.mfp.econo.unlp.edu.ar\/index.php\/2019\/05\/31\/docentes-de-nuestra-maestria-en-finanzas-publicas-capacitan-a-agentes-publicos-de-las-provincias-de-rio-negro-y-neuquen\/","title":{"rendered":"Docentes de nuestra Maestr\u00eda en Finanzas P\u00fablicas capacitan a agentes p\u00fablicos de las provincias de R\u00edo Negro y Neuqu\u00e9n"},"content":{"rendered":"<p class=\"bajada text-resizable\">En el marco de las acciones de fortalecimiento institucional de ambas provincias, comenz\u00f3 en Cipolletti el Programa de Capacitaci\u00f3n en T\u00f3picos del Sector P\u00fablico, organizado por la Secretar\u00eda de Programas Especiales de R\u00edo Negro y la Secretar\u00eda de Planificaci\u00f3n y Acci\u00f3n para el Desarrollo (COPADE) de Neuqu\u00e9n.<\/p>\n<p class=\"bajada text-resizable\"><!--more--><\/p>\n<div class=\"body text-resizable\">\n<p>La capacitaci\u00f3n cuenta con la participaci\u00f3n del\u00a0<strong>Mg. Marcelo Garriga<\/strong>, Director de la Maestr\u00eda en Finanzas P\u00fablicas Provinciales y Municipales de la Facultad de Ciencias Econ\u00f3micas UNLP, como coordinador y un conjunto de docentes de la Maestr\u00eda.<\/p>\n\n\t\t<style type=\"text\/css\">\n\t\t\t#gallery-1 {\n\t\t\t\tmargin: auto;\n\t\t\t}\n\t\t\t#gallery-1 .gallery-item {\n\t\t\t\tfloat: left;\n\t\t\t\tmargin-top: 10px;\n\t\t\t\ttext-align: center;\n\t\t\t\twidth: 33%;\n\t\t\t}\n\t\t\t#gallery-1 img {\n\t\t\t\tborder: 2px solid #cfcfcf;\n\t\t\t}\n\t\t\t#gallery-1 .gallery-caption {\n\t\t\t\tmargin-left: 0;\n\t\t\t}\n\t\t\t\/* see gallery_shortcode() in wp-includes\/media.php *\/\n\t\t<\/style>\n\t\t<div id='gallery-1' class='gallery galleryid-1342 gallery-columns-3 gallery-size-thumbnail'><dl class='gallery-item'>\n\t\t\t<dt class='gallery-icon landscape'>\n\t\t\t\t<a href='https:\/\/www.mfp.econo.unlp.edu.ar\/index.php\/2019\/05\/31\/docentes-de-nuestra-maestria-en-finanzas-publicas-capacitan-a-agentes-publicos-de-las-provincias-de-rio-negro-y-neuquen\/1-4\/'><img width=\"150\" height=\"75\" src=\"https:\/\/www.mfp.econo.unlp.edu.ar\/wp-content\/uploads\/2019\/05\/1.jpg\" class=\"attachment-thumbnail size-thumbnail\" alt=\"\" decoding=\"async\" loading=\"lazy\" \/><\/a>\n\t\t\t<\/dt><\/dl><dl class='gallery-item'>\n\t\t\t<dt class='gallery-icon landscape'>\n\t\t\t\t<a href='https:\/\/www.mfp.econo.unlp.edu.ar\/index.php\/2019\/05\/31\/docentes-de-nuestra-maestria-en-finanzas-publicas-capacitan-a-agentes-publicos-de-las-provincias-de-rio-negro-y-neuquen\/2-4\/'><img width=\"150\" height=\"75\" src=\"https:\/\/www.mfp.econo.unlp.edu.ar\/wp-content\/uploads\/2019\/05\/2.jpg\" class=\"attachment-thumbnail size-thumbnail\" alt=\"\" decoding=\"async\" loading=\"lazy\" \/><\/a>\n\t\t\t<\/dt><\/dl><dl class='gallery-item'>\n\t\t\t<dt class='gallery-icon landscape'>\n\t\t\t\t<a href='https:\/\/www.mfp.econo.unlp.edu.ar\/index.php\/2019\/05\/31\/docentes-de-nuestra-maestria-en-finanzas-publicas-capacitan-a-agentes-publicos-de-las-provincias-de-rio-negro-y-neuquen\/3-4\/'><img width=\"150\" height=\"75\" src=\"https:\/\/www.mfp.econo.unlp.edu.ar\/wp-content\/uploads\/2019\/05\/3.jpg\" class=\"attachment-thumbnail size-thumbnail\" alt=\"\" decoding=\"async\" loading=\"lazy\" \/><\/a>\n\t\t\t<\/dt><\/dl><br style=\"clear: both\" \/>\n\t\t<\/div>\n\n<p>El programa apunta a fortalecer las capacidades de los recursos humanos del sector p\u00fablico, de manera de contribuir a una mejor gesti\u00f3n y toma de decisiones en materia de pol\u00edticas p\u00fablicas.<\/p>\n<p>Est\u00e1 organizado en seis m\u00f3dulos que abordan los principales t\u00f3picos de las finanzas p\u00fablicas:<\/p>\n<ul>\n<li>T\u00f3picos de finanzas p\u00fablicas<\/li>\n<li>Medici\u00f3n de la econom\u00eda<\/li>\n<li>T\u00f3picos aplicados de pol\u00edtica y administraci\u00f3n tributaria<\/li>\n<li>Presupuesto P\u00fablico<\/li>\n<li>Evaluaci\u00f3n de impacto de pol\u00edticas p\u00fablicas<\/li>\n<li>T\u00f3pico de federalismo fiscal<\/li>\n<\/ul>\n<p>Esta iniciativa se inscribe en el\u00a0\u00abPrograma de Desarrollo Regional con las Provincias Vecinas\u00bb, que implementa la Secretar\u00eda de Programas Especiales, y da continuidad a una l\u00ednea de trabajo que incluy\u00f3 la realizaci\u00f3n durante 2018 de seis seminarios sobre Gesti\u00f3n Metropolitana, vinculados al Plan Estrat\u00e9gico Metropolitano para la Regi\u00f3n de la Confluencia, elaborado durante 2017 con la asistencia t\u00e9cnica y financiera de las representaciones del Consejo Federal de Inversiones de R\u00edo Negro y Neuqu\u00e9n.<\/p>\n<\/div>\n","protected":false},"excerpt":{"rendered":"<p>En el marco de las acciones de fortalecimiento institucional de ambas provincias, comenz\u00f3 en Cipolletti el Programa de Capacitaci\u00f3n en T\u00f3picos del Sector P\u00fablico, organizado&#8230;<\/p>\n<p class=\"readmore\"><a class=\"more-btn\" href=\"https:\/\/www.mfp.econo.unlp.edu.ar\/index.php\/2019\/05\/31\/docentes-de-nuestra-maestria-en-finanzas-publicas-capacitan-a-agentes-publicos-de-las-provincias-de-rio-negro-y-neuquen\/\">Ver<\/a><\/p>\n","protected":false},"author":2,"featured_media":1344,"comment_status":"open","ping_status":"open","sticky":false,"template":"","format":"standard","meta":{"jetpack_post_was_ever_published":false,"jetpack_publicize_message":"","jetpack_is_tweetstorm":false,"jetpack_publicize_feature_enabled":true,"jetpack_social_post_already_shared":true,"jetpack_social_options":[]},"categories":[53],"tags":[],"jetpack_publicize_connections":[],"jetpack_featured_media_url":"https:\/\/www.mfp.econo.unlp.edu.ar\/wp-content\/uploads\/2019\/05\/2.jpg","jetpack_sharing_enabled":true,"jetpack_shortlink":"https:\/\/wp.me\/p86ov1-lE","_links":{"self":[{"href":"https:\/\/www.mfp.econo.unlp.edu.ar\/index.php\/wp-json\/wp\/v2\/posts\/1342"}],"collection":[{"href":"https:\/\/www.mfp.econo.unlp.edu.ar\/index.php\/wp-json\/wp\/v2\/posts"}],"about":[{"href":"https:\/\/www.mfp.econo.unlp.edu.ar\/index.php\/wp-json\/wp\/v2\/types\/post"}],"author":[{"embeddable":true,"href":"https:\/\/www.mfp.econo.unlp.edu.ar\/index.php\/wp-json\/wp\/v2\/users\/2"}],"replies":[{"embeddable":true,"href":"https:\/\/www.mfp.econo.unlp.edu.ar\/index.php\/wp-json\/wp\/v2\/comments?post=1342"}],"version-history":[{"count":1,"href":"https:\/\/www.mfp.econo.unlp.edu.ar\/index.php\/wp-json\/wp\/v2\/posts\/1342\/revisions"}],"predecessor-version":[{"id":1346,"href":"https:\/\/www.mfp.econo.unlp.edu.ar\/index.php\/wp-json\/wp\/v2\/posts\/1342\/revisions\/1346"}],"wp:featuredmedia":[{"embeddable":true,"href":"https:\/\/www.mfp.econo.unlp.edu.ar\/index.php\/wp-json\/wp\/v2\/media\/1344"}],"wp:attachment":[{"href":"https:\/\/www.mfp.econo.unlp.edu.ar\/index.php\/wp-json\/wp\/v2\/media?parent=1342"}],"wp:term":[{"taxonomy":"category","embeddable":true,"href":"https:\/\/www.mfp.econo.unlp.edu.ar\/index.php\/wp-json\/wp\/v2\/categories?post=1342"},{"taxonomy":"post_tag","embeddable":true,"href":"https:\/\/www.mfp.econo.unlp.edu.ar\/index.php\/wp-json\/wp\/v2\/tags?post=1342"}],"curies":[{"name":"wp","href":"https:\/\/api.w.org\/{rel}","templated":true}]}}