{"id":1422,"date":"2019-07-16T14:00:45","date_gmt":"2019-07-16T14:00:45","guid":{"rendered":"https:\/\/www.mfp.econo.unlp.edu.ar\/?p=1422"},"modified":"2019-07-16T14:01:23","modified_gmt":"2019-07-16T14:01:23","slug":"jornada-de-capacitacion-en-topicos-del-sector-publico","status":"publish","type":"post","link":"https:\/\/www.mfp.econo.unlp.edu.ar\/index.php\/2019\/07\/16\/jornada-de-capacitacion-en-topicos-del-sector-publico\/","title":{"rendered":"Jornada de Capacitaci\u00f3n en t\u00f3picos del sector p\u00fablico"},"content":{"rendered":"<p style=\"font-weight: 400;\">Se realiz\u00f3 una nueva Jornada de Capacitaci\u00f3n en t\u00f3picos del sector p\u00fablico a cargo del Profesor Luciano Di Gresia. En esta oportunidad se desarroll\u00f3 el \u00a0\u00a0M\u00f3dulo \u201cT\u00f3picos Aplicados de Pol\u00edtica y Administraci\u00f3n Tributaria\u201d; en tanto que ya fueron abordadas en encuentros precedentes las tem\u00e1ticas \u201cT\u00f3picos de Finanzas P\u00fablicas\u201d y \u201cMedici\u00f3n de la Econom\u00eda\u201d.\u00a0<!--more--><\/p>\n<p style=\"font-weight: 400;\">Dicho Programa de Capacitaci\u00f3n, apunta a fortalecer las capacidades de los recursos humanos del sector p\u00fablico de la Regi\u00f3n\u00a0de Neuqu\u00e9n y R\u00edo Negro.<\/p>\n<p style=\"font-weight: 400;\">\n","protected":false},"excerpt":{"rendered":"<p>Se realiz\u00f3 una nueva Jornada de Capacitaci\u00f3n en t\u00f3picos del sector p\u00fablico a cargo del Profesor Luciano Di Gresia. En esta oportunidad se desarroll\u00f3 el&#8230;<\/p>\n<p class=\"readmore\"><a class=\"more-btn\" href=\"https:\/\/www.mfp.econo.unlp.edu.ar\/index.php\/2019\/07\/16\/jornada-de-capacitacion-en-topicos-del-sector-publico\/\">Ver<\/a><\/p>\n","protected":false},"author":2,"featured_media":1423,"comment_status":"open","ping_status":"open","sticky":false,"template":"","format":"standard","meta":{"jetpack_post_was_ever_published":false,"jetpack_publicize_message":"","jetpack_is_tweetstorm":false,"jetpack_publicize_feature_enabled":true,"jetpack_social_post_already_shared":true,"jetpack_social_options":[]},"categories":[53],"tags":[],"jetpack_publicize_connections":[],"jetpack_featured_media_url":"https:\/\/www.mfp.econo.unlp.edu.ar\/wp-content\/uploads\/2019\/07\/di-gresia.jpg","jetpack_sharing_enabled":true,"jetpack_shortlink":"https:\/\/wp.me\/p86ov1-mW","_links":{"self":[{"href":"https:\/\/www.mfp.econo.unlp.edu.ar\/index.php\/wp-json\/wp\/v2\/posts\/1422"}],"collection":[{"href":"https:\/\/www.mfp.econo.unlp.edu.ar\/index.php\/wp-json\/wp\/v2\/posts"}],"about":[{"href":"https:\/\/www.mfp.econo.unlp.edu.ar\/index.php\/wp-json\/wp\/v2\/types\/post"}],"author":[{"embeddable":true,"href":"https:\/\/www.mfp.econo.unlp.edu.ar\/index.php\/wp-json\/wp\/v2\/users\/2"}],"replies":[{"embeddable":true,"href":"https:\/\/www.mfp.econo.unlp.edu.ar\/index.php\/wp-json\/wp\/v2\/comments?post=1422"}],"version-history":[{"count":2,"href":"https:\/\/www.mfp.econo.unlp.edu.ar\/index.php\/wp-json\/wp\/v2\/posts\/1422\/revisions"}],"predecessor-version":[{"id":1425,"href":"https:\/\/www.mfp.econo.unlp.edu.ar\/index.php\/wp-json\/wp\/v2\/posts\/1422\/revisions\/1425"}],"wp:featuredmedia":[{"embeddable":true,"href":"https:\/\/www.mfp.econo.unlp.edu.ar\/index.php\/wp-json\/wp\/v2\/media\/1423"}],"wp:attachment":[{"href":"https:\/\/www.mfp.econo.unlp.edu.ar\/index.php\/wp-json\/wp\/v2\/media?parent=1422"}],"wp:term":[{"taxonomy":"category","embeddable":true,"href":"https:\/\/www.mfp.econo.unlp.edu.ar\/index.php\/wp-json\/wp\/v2\/categories?post=1422"},{"taxonomy":"post_tag","embeddable":true,"href":"https:\/\/www.mfp.econo.unlp.edu.ar\/index.php\/wp-json\/wp\/v2\/tags?post=1422"}],"curies":[{"name":"wp","href":"https:\/\/api.w.org\/{rel}","templated":true}]}}