{"id":1476,"date":"2019-10-21T12:26:17","date_gmt":"2019-10-21T12:26:17","guid":{"rendered":"https:\/\/www.mfp.econo.unlp.edu.ar\/?p=1476"},"modified":"2019-10-21T12:26:17","modified_gmt":"2019-10-21T12:26:17","slug":"docentes-de-la-mfp-en-la-jornada-de-capacitacion-en-topicos-del-sector-publico","status":"publish","type":"post","link":"https:\/\/www.mfp.econo.unlp.edu.ar\/index.php\/2019\/10\/21\/docentes-de-la-mfp-en-la-jornada-de-capacitacion-en-topicos-del-sector-publico\/","title":{"rendered":"DOCENTES DE LA MFP EN LA JORNADA DE CAPACITACI\u00d3N EN T\u00d3PICOS DEL SECTOR P\u00daBLICO"},"content":{"rendered":"<p>Se realiz\u00f3 en el mes de octubre\u00a0una nueva Jornada de Capacitaci\u00f3n en t\u00f3picos del sector p\u00fablico, en esta oportunidad se dict\u00f3 el m\u00f3dulo de T\u00f3picos de Federalismo Fiscal a cargo de Alberto Porto (docente de la Maestr\u00eda en Finanzas P\u00fablicas).<\/p>\n<p><!--more--><\/p>\n<p>Dicha capacitaci\u00f3n, organizada por la Secretar\u00eda de Programas Especiales de R\u00edo Negro y la Secretar\u00eda de Planificaci\u00f3n y Acci\u00f3n para el Desarrollo (COPADE) de Neuqu\u00e9n, apunta a fortalecer las capacidades de los RRHH del sector p\u00fablico.<\/p>\n\n\t\t<style type=\"text\/css\">\n\t\t\t#gallery-1 {\n\t\t\t\tmargin: auto;\n\t\t\t}\n\t\t\t#gallery-1 .gallery-item {\n\t\t\t\tfloat: left;\n\t\t\t\tmargin-top: 10px;\n\t\t\t\ttext-align: center;\n\t\t\t\twidth: 33%;\n\t\t\t}\n\t\t\t#gallery-1 img {\n\t\t\t\tborder: 2px solid #cfcfcf;\n\t\t\t}\n\t\t\t#gallery-1 .gallery-caption {\n\t\t\t\tmargin-left: 0;\n\t\t\t}\n\t\t\t\/* see gallery_shortcode() in wp-includes\/media.php *\/\n\t\t<\/style>\n\t\t<div id='gallery-1' class='gallery galleryid-1476 gallery-columns-3 gallery-size-thumbnail'><dl class='gallery-item'>\n\t\t\t<dt class='gallery-icon landscape'>\n\t\t\t\t<a href='https:\/\/www.mfp.econo.unlp.edu.ar\/index.php\/2019\/10\/21\/docentes-de-la-mfp-en-la-jornada-de-capacitacion-en-topicos-del-sector-publico\/foto1\/'><img width=\"150\" height=\"84\" src=\"https:\/\/www.mfp.econo.unlp.edu.ar\/wp-content\/uploads\/2019\/10\/foto1.jpeg\" class=\"attachment-thumbnail size-thumbnail\" alt=\"\" decoding=\"async\" loading=\"lazy\" \/><\/a>\n\t\t\t<\/dt><\/dl><dl class='gallery-item'>\n\t\t\t<dt class='gallery-icon landscape'>\n\t\t\t\t<a href='https:\/\/www.mfp.econo.unlp.edu.ar\/index.php\/2019\/10\/21\/docentes-de-la-mfp-en-la-jornada-de-capacitacion-en-topicos-del-sector-publico\/foto2\/'><img width=\"150\" height=\"84\" src=\"https:\/\/www.mfp.econo.unlp.edu.ar\/wp-content\/uploads\/2019\/10\/foto2.jpeg\" class=\"attachment-thumbnail size-thumbnail\" alt=\"\" decoding=\"async\" loading=\"lazy\" \/><\/a>\n\t\t\t<\/dt><\/dl><dl class='gallery-item'>\n\t\t\t<dt class='gallery-icon landscape'>\n\t\t\t\t<a href='https:\/\/www.mfp.econo.unlp.edu.ar\/index.php\/2019\/10\/21\/docentes-de-la-mfp-en-la-jornada-de-capacitacion-en-topicos-del-sector-publico\/foto3\/'><img width=\"150\" height=\"84\" src=\"https:\/\/www.mfp.econo.unlp.edu.ar\/wp-content\/uploads\/2019\/10\/foto3.jpeg\" class=\"attachment-thumbnail size-thumbnail\" alt=\"\" decoding=\"async\" loading=\"lazy\" \/><\/a>\n\t\t\t<\/dt><\/dl><br style=\"clear: both\" \/>\n\t\t<\/div>\n\n","protected":false},"excerpt":{"rendered":"<p>Se realiz\u00f3 en el mes de octubre\u00a0una nueva Jornada de Capacitaci\u00f3n en t\u00f3picos del sector p\u00fablico, en esta oportunidad se dict\u00f3 el m\u00f3dulo de T\u00f3picos&#8230;<\/p>\n<p class=\"readmore\"><a class=\"more-btn\" href=\"https:\/\/www.mfp.econo.unlp.edu.ar\/index.php\/2019\/10\/21\/docentes-de-la-mfp-en-la-jornada-de-capacitacion-en-topicos-del-sector-publico\/\">Ver<\/a><\/p>\n","protected":false},"author":2,"featured_media":1477,"comment_status":"open","ping_status":"open","sticky":false,"template":"","format":"standard","meta":{"jetpack_post_was_ever_published":false,"jetpack_publicize_message":"","jetpack_is_tweetstorm":false,"jetpack_publicize_feature_enabled":true,"jetpack_social_post_already_shared":true,"jetpack_social_options":[]},"categories":[53],"tags":[],"jetpack_publicize_connections":[],"jetpack_featured_media_url":"https:\/\/www.mfp.econo.unlp.edu.ar\/wp-content\/uploads\/2019\/10\/foto1.jpeg","jetpack_sharing_enabled":true,"jetpack_shortlink":"https:\/\/wp.me\/p86ov1-nO","_links":{"self":[{"href":"https:\/\/www.mfp.econo.unlp.edu.ar\/index.php\/wp-json\/wp\/v2\/posts\/1476"}],"collection":[{"href":"https:\/\/www.mfp.econo.unlp.edu.ar\/index.php\/wp-json\/wp\/v2\/posts"}],"about":[{"href":"https:\/\/www.mfp.econo.unlp.edu.ar\/index.php\/wp-json\/wp\/v2\/types\/post"}],"author":[{"embeddable":true,"href":"https:\/\/www.mfp.econo.unlp.edu.ar\/index.php\/wp-json\/wp\/v2\/users\/2"}],"replies":[{"embeddable":true,"href":"https:\/\/www.mfp.econo.unlp.edu.ar\/index.php\/wp-json\/wp\/v2\/comments?post=1476"}],"version-history":[{"count":1,"href":"https:\/\/www.mfp.econo.unlp.edu.ar\/index.php\/wp-json\/wp\/v2\/posts\/1476\/revisions"}],"predecessor-version":[{"id":1480,"href":"https:\/\/www.mfp.econo.unlp.edu.ar\/index.php\/wp-json\/wp\/v2\/posts\/1476\/revisions\/1480"}],"wp:featuredmedia":[{"embeddable":true,"href":"https:\/\/www.mfp.econo.unlp.edu.ar\/index.php\/wp-json\/wp\/v2\/media\/1477"}],"wp:attachment":[{"href":"https:\/\/www.mfp.econo.unlp.edu.ar\/index.php\/wp-json\/wp\/v2\/media?parent=1476"}],"wp:term":[{"taxonomy":"category","embeddable":true,"href":"https:\/\/www.mfp.econo.unlp.edu.ar\/index.php\/wp-json\/wp\/v2\/categories?post=1476"},{"taxonomy":"post_tag","embeddable":true,"href":"https:\/\/www.mfp.econo.unlp.edu.ar\/index.php\/wp-json\/wp\/v2\/tags?post=1476"}],"curies":[{"name":"wp","href":"https:\/\/api.w.org\/{rel}","templated":true}]}}