{"id":1811,"date":"2022-05-12T12:20:48","date_gmt":"2022-05-12T12:20:48","guid":{"rendered":"https:\/\/www.mfp.econo.unlp.edu.ar\/?p=1811"},"modified":"2022-05-26T13:15:07","modified_gmt":"2022-05-26T13:15:07","slug":"xxv-seminario-de-federalismo-fiscal-19-y-20-de-mayo","status":"publish","type":"post","link":"https:\/\/www.mfp.econo.unlp.edu.ar\/index.php\/2022\/05\/12\/xxv-seminario-de-federalismo-fiscal-19-y-20-de-mayo\/","title":{"rendered":"XXV Seminario de Federalismo Fiscal:\u00a019 y 20 de mayo"},"content":{"rendered":"\n<p>Durante los d\u00edas jueves 19 y viernes 20 de mayo, el Aula Magna de la Facultad de Ciencias Econ\u00f3micas de la UNLP fue sede de una nueva edici\u00f3n del Seminario de Federalismo Fiscal.<\/p>\n\n\n\n<p>Este evento acad\u00e9mico que ya tiene una trayectoria de 25 a\u00f1os, cont\u00f3 con la participaci\u00f3n de una amplia variedad de profesionales, permitiendo el abordaje interdisciplinario de los t\u00f3picos en cuesti\u00f3n.<\/p>\n\n\n\n<p>&gt;&gt;&gt; <a href=\"https:\/\/www.econo.unlp.edu.ar\/frontend\/media\/73\/24973\/def556006ed568270b9849bedb0eb62c.pdf\" data-type=\"URL\" data-id=\"https:\/\/www.econo.unlp.edu.ar\/frontend\/media\/73\/24973\/def556006ed568270b9849bedb0eb62c.pdf\" target=\"_blank\" rel=\"noreferrer noopener\"><strong>Ver programa del seminario<\/strong><\/a><\/p>\n\n\n\n<p>Se pudo seguir en vivo desde el canal de YouTube de la FCE >>> <a rel=\"noreferrer noopener\" href=\"https:\/\/www.youtube.com\/CsEconomicasUNLP\" data-type=\"URL\" data-id=\"https:\/\/www.youtube.com\/CsEconomicasUNLP\" target=\"_blank\"><strong>CsEconomicasUNLP<\/strong><\/a><\/p>\n\n\n\n<p>M\u00e1s informaci\u00f3n: <a href=\"mailto:seminario.federalismo25@gmail.com\" target=\"_blank\" rel=\"noreferrer noopener\"><strong>seminario.federalismo25@gmail.com<\/strong><\/a><\/p>\n","protected":false},"excerpt":{"rendered":"<p>Durante los d\u00edas jueves 19 y viernes 20 de mayo, el Aula Magna de la Facultad de Ciencias Econ\u00f3micas de la UNLP fue sede de&#8230;<\/p>\n<p class=\"readmore\"><a class=\"more-btn\" href=\"https:\/\/www.mfp.econo.unlp.edu.ar\/index.php\/2022\/05\/12\/xxv-seminario-de-federalismo-fiscal-19-y-20-de-mayo\/\">Ver<\/a><\/p>\n","protected":false},"author":2,"featured_media":1812,"comment_status":"closed","ping_status":"closed","sticky":false,"template":"","format":"standard","meta":{"jetpack_post_was_ever_published":false,"jetpack_publicize_message":"","jetpack_is_tweetstorm":false,"jetpack_publicize_feature_enabled":true,"jetpack_social_post_already_shared":true,"jetpack_social_options":[]},"categories":[53],"tags":[],"jetpack_publicize_connections":[],"jetpack_featured_media_url":"https:\/\/www.mfp.econo.unlp.edu.ar\/wp-content\/uploads\/2022\/05\/flyer-scaled.jpg","jetpack_sharing_enabled":true,"jetpack_shortlink":"https:\/\/wp.me\/p86ov1-td","_links":{"self":[{"href":"https:\/\/www.mfp.econo.unlp.edu.ar\/index.php\/wp-json\/wp\/v2\/posts\/1811"}],"collection":[{"href":"https:\/\/www.mfp.econo.unlp.edu.ar\/index.php\/wp-json\/wp\/v2\/posts"}],"about":[{"href":"https:\/\/www.mfp.econo.unlp.edu.ar\/index.php\/wp-json\/wp\/v2\/types\/post"}],"author":[{"embeddable":true,"href":"https:\/\/www.mfp.econo.unlp.edu.ar\/index.php\/wp-json\/wp\/v2\/users\/2"}],"replies":[{"embeddable":true,"href":"https:\/\/www.mfp.econo.unlp.edu.ar\/index.php\/wp-json\/wp\/v2\/comments?post=1811"}],"version-history":[{"count":4,"href":"https:\/\/www.mfp.econo.unlp.edu.ar\/index.php\/wp-json\/wp\/v2\/posts\/1811\/revisions"}],"predecessor-version":[{"id":1825,"href":"https:\/\/www.mfp.econo.unlp.edu.ar\/index.php\/wp-json\/wp\/v2\/posts\/1811\/revisions\/1825"}],"wp:featuredmedia":[{"embeddable":true,"href":"https:\/\/www.mfp.econo.unlp.edu.ar\/index.php\/wp-json\/wp\/v2\/media\/1812"}],"wp:attachment":[{"href":"https:\/\/www.mfp.econo.unlp.edu.ar\/index.php\/wp-json\/wp\/v2\/media?parent=1811"}],"wp:term":[{"taxonomy":"category","embeddable":true,"href":"https:\/\/www.mfp.econo.unlp.edu.ar\/index.php\/wp-json\/wp\/v2\/categories?post=1811"},{"taxonomy":"post_tag","embeddable":true,"href":"https:\/\/www.mfp.econo.unlp.edu.ar\/index.php\/wp-json\/wp\/v2\/tags?post=1811"}],"curies":[{"name":"wp","href":"https:\/\/api.w.org\/{rel}","templated":true}]}}