{"id":940,"date":"2016-10-26T23:05:21","date_gmt":"2016-10-26T23:05:21","guid":{"rendered":"https:\/\/www.mfp.econo.unlp.edu.ar\/?p=940"},"modified":"2016-11-15T23:21:31","modified_gmt":"2016-11-15T23:21:31","slug":"xxxi-evento-regional-del-centro-de-administraciones-tributarias-subnacionales","status":"publish","type":"post","link":"https:\/\/www.mfp.econo.unlp.edu.ar\/index.php\/2016\/10\/26\/xxxi-evento-regional-del-centro-de-administraciones-tributarias-subnacionales\/","title":{"rendered":"XXXI Evento Regional del Centro de Administraciones Tributarias Subnacionales"},"content":{"rendered":"<p style=\"text-align: justify;\"><span style=\"color: #000000;\">El 24 de noviembre se llevar\u00e1 a cabo en la Universidad de San Mart\u00edn el XXXI Evento Regional del Centro de Administraciones Tributarias Subnacionales.<!--more--><\/span><\/p>\n<p style=\"text-align: justify;\"><span style=\"color: #000000;\">Participar\u00e1 del evento el director de la Maestr\u00eda en Finanzas P\u00fablicas. Su disertaci\u00f3n se denomina \u00abAlternativas en la tributaci\u00f3n directa e indirecta a nivel subnacional.<\/span><\/p>\n<p style=\"text-align: justify;\"><span style=\"color: #000000;\">Ideas y pautas para una futura Reforma Tributaria\u00bb.<\/span><\/p>\n<p style=\"text-align: justify;\"><a href=\"http:\/\/www.ceats.org\/archivos\/XXXI%20Evento%20Regional\/Difusion%20XXXI%20Evento%20Regional.pdf\" target=\"_blank\">PROGRAMA DEL EVENTO<\/a><\/p>\n","protected":false},"excerpt":{"rendered":"<p>El 24 de noviembre se llevar\u00e1 a cabo en la Universidad de San Mart\u00edn el XXXI Evento Regional del Centro de Administraciones Tributarias Subnacionales.<\/p>\n","protected":false},"author":1,"featured_media":941,"comment_status":"closed","ping_status":"open","sticky":false,"template":"","format":"standard","meta":{"jetpack_post_was_ever_published":false,"jetpack_publicize_message":"","jetpack_is_tweetstorm":false,"jetpack_publicize_feature_enabled":true,"jetpack_social_post_already_shared":true,"jetpack_social_options":[]},"categories":[53],"tags":[],"jetpack_publicize_connections":[],"jetpack_featured_media_url":"https:\/\/www.mfp.econo.unlp.edu.ar\/wp-content\/uploads\/2016\/11\/Centro-de-Administraciones-Tributarias-Subnacionales.jpg","jetpack_sharing_enabled":true,"jetpack_shortlink":"https:\/\/wp.me\/p86ov1-fa","_links":{"self":[{"href":"https:\/\/www.mfp.econo.unlp.edu.ar\/index.php\/wp-json\/wp\/v2\/posts\/940"}],"collection":[{"href":"https:\/\/www.mfp.econo.unlp.edu.ar\/index.php\/wp-json\/wp\/v2\/posts"}],"about":[{"href":"https:\/\/www.mfp.econo.unlp.edu.ar\/index.php\/wp-json\/wp\/v2\/types\/post"}],"author":[{"embeddable":true,"href":"https:\/\/www.mfp.econo.unlp.edu.ar\/index.php\/wp-json\/wp\/v2\/users\/1"}],"replies":[{"embeddable":true,"href":"https:\/\/www.mfp.econo.unlp.edu.ar\/index.php\/wp-json\/wp\/v2\/comments?post=940"}],"version-history":[{"count":4,"href":"https:\/\/www.mfp.econo.unlp.edu.ar\/index.php\/wp-json\/wp\/v2\/posts\/940\/revisions"}],"predecessor-version":[{"id":945,"href":"https:\/\/www.mfp.econo.unlp.edu.ar\/index.php\/wp-json\/wp\/v2\/posts\/940\/revisions\/945"}],"wp:featuredmedia":[{"embeddable":true,"href":"https:\/\/www.mfp.econo.unlp.edu.ar\/index.php\/wp-json\/wp\/v2\/media\/941"}],"wp:attachment":[{"href":"https:\/\/www.mfp.econo.unlp.edu.ar\/index.php\/wp-json\/wp\/v2\/media?parent=940"}],"wp:term":[{"taxonomy":"category","embeddable":true,"href":"https:\/\/www.mfp.econo.unlp.edu.ar\/index.php\/wp-json\/wp\/v2\/categories?post=940"},{"taxonomy":"post_tag","embeddable":true,"href":"https:\/\/www.mfp.econo.unlp.edu.ar\/index.php\/wp-json\/wp\/v2\/tags?post=940"}],"curies":[{"name":"wp","href":"https:\/\/api.w.org\/{rel}","templated":true}]}}